{"id":2813,"date":"2023-03-15T09:47:00","date_gmt":"2023-03-15T09:47:00","guid":{"rendered":"https:\/\/www.preprod.antilopevan.be\/?p=2813"},"modified":"2025-05-27T12:58:46","modified_gmt":"2025-05-27T12:58:46","slug":"lancement-flex5","status":"publish","type":"post","link":"https:\/\/www.antilopevan.be\/fr\/actualite\/lancement-flex5\/","title":{"rendered":"Lancement Flex 5"},"content":{"rendered":"\t\t<div data-elementor-type=\"wp-post\" data-elementor-id=\"2813\" class=\"elementor elementor-2813 elementor-697\" data-elementor-post-type=\"post\">\n\t\t\t\t<div class=\"elementor-element elementor-element-5a06e94 e-con-full e-flex e-con e-parent\" data-id=\"5a06e94\" data-element_type=\"container\">\n\t\t<div class=\"elementor-element elementor-element-2b41793 e-con-full e-flex e-con e-child\" data-id=\"2b41793\" data-element_type=\"container\">\n\t\t\t\t<div class=\"elementor-element elementor-element-63959c2 elementor-widget elementor-widget-image\" data-id=\"63959c2\" data-element_type=\"widget\" data-widget_type=\"image.default\">\n\t\t\t\t<div class=\"elementor-widget-container\">\n\t\t\t\t\t\t\t\t\t\t\t\t\t\t\t<img fetchpriority=\"high\" decoding=\"async\" width=\"1080\" height=\"1080\" src=\"https:\/\/www.antilopevan.be\/wp-content\/uploads\/2023\/03\/lancement-flex5-antilope-van.webp\" class=\"attachment-full size-full wp-image-2857\" alt=\"lancement-flex5-antilope-van\" srcset=\"https:\/\/www.antilopevan.be\/wp-content\/uploads\/2023\/03\/lancement-flex5-antilope-van.webp 1080w, https:\/\/www.antilopevan.be\/wp-content\/uploads\/2023\/03\/lancement-flex5-antilope-van-300x300.webp 300w, https:\/\/www.antilopevan.be\/wp-content\/uploads\/2023\/03\/lancement-flex5-antilope-van-1024x1024.webp 1024w, https:\/\/www.antilopevan.be\/wp-content\/uploads\/2023\/03\/lancement-flex5-antilope-van-150x150.webp 150w, https:\/\/www.antilopevan.be\/wp-content\/uploads\/2023\/03\/lancement-flex5-antilope-van-768x768.webp 768w\" sizes=\"(max-width: 1080px) 100vw, 1080px\" \/>\t\t\t\t\t\t\t\t\t\t\t\t\t\t\t<\/div>\n\t\t\t\t<\/div>\n\t\t\t\t<\/div>\n\t\t<div class=\"elementor-element elementor-element-af8d39c e-con-full e-flex e-con e-child\" data-id=\"af8d39c\" data-element_type=\"container\">\n\t\t\t\t<div class=\"elementor-element elementor-element-0c5ddb8 elementor-icon-list--layout-traditional elementor-list-item-link-full_width elementor-widget elementor-widget-icon-list\" data-id=\"0c5ddb8\" data-element_type=\"widget\" data-widget_type=\"icon-list.default\">\n\t\t\t\t<div class=\"elementor-widget-container\">\n\t\t\t\t\t\t\t<ul class=\"elementor-icon-list-items\">\n\t\t\t\t\t\t\t<li class=\"elementor-icon-list-item\">\n\t\t\t\t\t\t\t\t\t\t\t<span class=\"elementor-icon-list-icon\">\n\t\t\t\t\t\t\t<svg aria-hidden=\"true\" class=\"e-font-icon-svg e-far-calendar\" viewBox=\"0 0 448 512\" xmlns=\"http:\/\/www.w3.org\/2000\/svg\"><path d=\"M400 64h-48V12c0-6.6-5.4-12-12-12h-40c-6.6 0-12 5.4-12 12v52H160V12c0-6.6-5.4-12-12-12h-40c-6.6 0-12 5.4-12 12v52H48C21.5 64 0 85.5 0 112v352c0 26.5 21.5 48 48 48h352c26.5 0 48-21.5 48-48V112c0-26.5-21.5-48-48-48zm-6 400H54c-3.3 0-6-2.7-6-6V160h352v298c0 3.3-2.7 6-6 6z\"><\/path><\/svg>\t\t\t\t\t\t<\/span>\n\t\t\t\t\t\t\t\t\t\t<span class=\"elementor-icon-list-text\">Mars 2023<\/span>\n\t\t\t\t\t\t\t\t\t<\/li>\n\t\t\t\t\t\t<\/ul>\n\t\t\t\t\t\t<\/div>\n\t\t\t\t<\/div>\n\t\t\t\t<div class=\"elementor-element elementor-element-100c016 elementor-widget elementor-widget-heading\" data-id=\"100c016\" data-element_type=\"widget\" data-widget_type=\"heading.default\">\n\t\t\t\t<div class=\"elementor-widget-container\">\n\t\t\t\t\t<h2 class=\"elementor-heading-title elementor-size-default\">Lancement Flex 5<\/h2>\t\t\t\t<\/div>\n\t\t\t\t<\/div>\n\t\t\t\t<div class=\"elementor-element elementor-element-53e9cc9 elementor-widget elementor-widget-text-editor\" data-id=\"53e9cc9\" data-element_type=\"widget\" data-widget_type=\"text-editor.default\">\n\t\t\t\t<div class=\"elementor-widget-container\">\n\t\t\t\t\t\t\t\t\t<p>La famille Antilope s\u2019agrandit\u00a0 !<\/p><p>Antilope VAN lance un nouveau van am\u00e9nag\u00e9 5 places, le Flex 5 !<br \/><br \/>Le Flex 5 en quelques mots :<\/p><ul><li>Tout \u00e9quip\u00e9 SANS OPTION suppl\u00e9mentaire<\/li><li>4 couchages<\/li><li>Places dont 3 vraies places arri\u00e8re Isofix<\/li><li>Fabriqu\u00e9 avec amour dans notre usine en Bretagne<\/li><\/ul><p>Ce produit vient compl\u00e9ter la gamme.<\/p>\t\t\t\t\t\t\t\t<\/div>\n\t\t\t\t<\/div>\n\t\t\t\t<\/div>\n\t\t\t\t<\/div>\n\t\t\t\t<\/div>\n\t\t","protected":false},"excerpt":{"rendered":"<p>Mars 2023 Lancement Flex 5 La famille Antilope s\u2019agrandit\u00a0 ! Antilope VAN lance un nouveau van am\u00e9nag\u00e9 5 places, le Flex 5 ! Le Flex 5 en quelques mots : Tout \u00e9quip\u00e9 SANS OPTION suppl\u00e9mentaire 4 couchages Places dont 3 vraies places arri\u00e8re Isofix Fabriqu\u00e9 avec amour dans notre usine en Bretagne Ce produit vient [&hellip;]<\/p>\n","protected":false},"author":2,"featured_media":0,"comment_status":"closed","ping_status":"closed","sticky":false,"template":"","format":"standard","meta":{"_glsr_average":0,"_glsr_ranking":0,"_glsr_reviews":0,"footnotes":""},"categories":[18],"tags":[],"class_list":["post-2813","post","type-post","status-publish","format-standard","hentry","category-actualite"],"yoast_head":"<!-- This site is optimized with the Yoast SEO plugin v26.3 - https:\/\/yoast.com\/wordpress\/plugins\/seo\/ -->\n<title>Lancement Flex 5 | Antilope VAN<\/title>\n<meta name=\"robots\" content=\"index, follow, max-snippet:-1, max-image-preview:large, max-video-preview:-1\" \/>\n<link rel=\"canonical\" href=\"https:\/\/www.antilopevan.be\/fr\/actualite\/lancement-flex5\/\" \/>\n<meta property=\"og:locale\" content=\"fr_FR\" \/>\n<meta property=\"og:type\" content=\"article\" \/>\n<meta property=\"og:title\" content=\"Lancement Flex 5 | Antilope VAN\" \/>\n<meta property=\"og:description\" content=\"Mars 2023 Lancement Flex 5 La famille Antilope s\u2019agrandit\u00a0 ! Antilope VAN lance un nouveau van am\u00e9nag\u00e9 5 places, le Flex 5 ! Le Flex 5 en quelques mots : Tout \u00e9quip\u00e9 SANS OPTION suppl\u00e9mentaire 4 couchages Places dont 3 vraies places arri\u00e8re Isofix Fabriqu\u00e9 avec amour dans notre usine en Bretagne Ce produit vient [&hellip;]\" \/>\n<meta property=\"og:url\" content=\"https:\/\/www.antilopevan.be\/fr\/actualite\/lancement-flex5\/\" \/>\n<meta property=\"og:site_name\" content=\"Antilope VAN\" \/>\n<meta property=\"article:published_time\" content=\"2023-03-15T09:47:00+00:00\" \/>\n<meta property=\"article:modified_time\" content=\"2025-05-27T12:58:46+00:00\" \/>\n<meta property=\"og:image\" content=\"https:\/\/www.preprod.antilopevan.be\/wp-content\/uploads\/2023\/03\/lancement-flex5-antilope-van.webp\" \/>\n<meta name=\"author\" content=\"Am\u00e9lie\" \/>\n<meta name=\"twitter:card\" content=\"summary_large_image\" \/>\n<meta name=\"twitter:label1\" content=\"\u00c9crit par\" \/>\n\t<meta name=\"twitter:data1\" content=\"Am\u00e9lie\" \/>\n\t<meta name=\"twitter:label2\" content=\"Dur\u00e9e de lecture est.\" \/>\n\t<meta name=\"twitter:data2\" content=\"1 minute\" \/>\n<script type=\"application\/ld+json\" class=\"yoast-schema-graph\">{\"@context\":\"https:\/\/schema.org\",\"@graph\":[{\"@type\":\"Article\",\"@id\":\"https:\/\/www.antilopevan.be\/fr\/actualite\/lancement-flex5\/#article\",\"isPartOf\":{\"@id\":\"https:\/\/www.antilopevan.be\/fr\/actualite\/lancement-flex5\/\"},\"author\":{\"name\":\"Am\u00e9lie\",\"@id\":\"https:\/\/www.antilopevan.be\/fr\/#\/schema\/person\/d9d49a4ce1934efaf55fc6bd189faa1d\"},\"headline\":\"Lancement Flex 5\",\"datePublished\":\"2023-03-15T09:47:00+00:00\",\"dateModified\":\"2025-05-27T12:58:46+00:00\",\"mainEntityOfPage\":{\"@id\":\"https:\/\/www.antilopevan.be\/fr\/actualite\/lancement-flex5\/\"},\"wordCount\":55,\"publisher\":{\"@id\":\"https:\/\/www.antilopevan.be\/fr\/#organization\"},\"image\":{\"@id\":\"https:\/\/www.antilopevan.be\/fr\/actualite\/lancement-flex5\/#primaryimage\"},\"thumbnailUrl\":\"https:\/\/www.preprod.antilopevan.be\/wp-content\/uploads\/2023\/03\/lancement-flex5-antilope-van.webp\",\"articleSection\":[\"Actualit\u00e9\"],\"inLanguage\":\"fr-BE\"},{\"@type\":\"WebPage\",\"@id\":\"https:\/\/www.antilopevan.be\/fr\/actualite\/lancement-flex5\/\",\"url\":\"https:\/\/www.antilopevan.be\/fr\/actualite\/lancement-flex5\/\",\"name\":\"Lancement Flex 5 | Antilope VAN\",\"isPartOf\":{\"@id\":\"https:\/\/www.antilopevan.be\/fr\/#website\"},\"primaryImageOfPage\":{\"@id\":\"https:\/\/www.antilopevan.be\/fr\/actualite\/lancement-flex5\/#primaryimage\"},\"image\":{\"@id\":\"https:\/\/www.antilopevan.be\/fr\/actualite\/lancement-flex5\/#primaryimage\"},\"thumbnailUrl\":\"https:\/\/www.preprod.antilopevan.be\/wp-content\/uploads\/2023\/03\/lancement-flex5-antilope-van.webp\",\"datePublished\":\"2023-03-15T09:47:00+00:00\",\"dateModified\":\"2025-05-27T12:58:46+00:00\",\"breadcrumb\":{\"@id\":\"https:\/\/www.antilopevan.be\/fr\/actualite\/lancement-flex5\/#breadcrumb\"},\"inLanguage\":\"fr-BE\",\"potentialAction\":[{\"@type\":\"ReadAction\",\"target\":[\"https:\/\/www.antilopevan.be\/fr\/actualite\/lancement-flex5\/\"]}]},{\"@type\":\"ImageObject\",\"inLanguage\":\"fr-BE\",\"@id\":\"https:\/\/www.antilopevan.be\/fr\/actualite\/lancement-flex5\/#primaryimage\",\"url\":\"https:\/\/www.preprod.antilopevan.be\/wp-content\/uploads\/2023\/03\/lancement-flex5-antilope-van.webp\",\"contentUrl\":\"https:\/\/www.preprod.antilopevan.be\/wp-content\/uploads\/2023\/03\/lancement-flex5-antilope-van.webp\"},{\"@type\":\"BreadcrumbList\",\"@id\":\"https:\/\/www.antilopevan.be\/fr\/actualite\/lancement-flex5\/#breadcrumb\",\"itemListElement\":[{\"@type\":\"ListItem\",\"position\":1,\"name\":\"Accueil\",\"item\":\"https:\/\/www.antilopevan.be\/fr\/\"},{\"@type\":\"ListItem\",\"position\":2,\"name\":\"Lancement Flex 5\"}]},{\"@type\":\"WebSite\",\"@id\":\"https:\/\/www.antilopevan.be\/fr\/#website\",\"url\":\"https:\/\/www.antilopevan.be\/fr\/\",\"name\":\"Antilope VAN\",\"description\":\"Le Van Breton 100% uitgerust\",\"publisher\":{\"@id\":\"https:\/\/www.antilopevan.be\/fr\/#organization\"},\"potentialAction\":[{\"@type\":\"SearchAction\",\"target\":{\"@type\":\"EntryPoint\",\"urlTemplate\":\"https:\/\/www.antilopevan.be\/fr\/?s={search_term_string}\"},\"query-input\":{\"@type\":\"PropertyValueSpecification\",\"valueRequired\":true,\"valueName\":\"search_term_string\"}}],\"inLanguage\":\"fr-BE\"},{\"@type\":\"Organization\",\"@id\":\"https:\/\/www.antilopevan.be\/fr\/#organization\",\"name\":\"Antilope VAN\",\"url\":\"https:\/\/www.antilopevan.be\/fr\/\",\"logo\":{\"@type\":\"ImageObject\",\"inLanguage\":\"fr-BE\",\"@id\":\"https:\/\/www.antilopevan.be\/fr\/#\/schema\/logo\/image\/\",\"url\":\"https:\/\/www.preprod.antilopevan.be\/wp-content\/uploads\/2025\/04\/logo-antilope-van-BE.svg\",\"contentUrl\":\"https:\/\/www.preprod.antilopevan.be\/wp-content\/uploads\/2025\/04\/logo-antilope-van-BE.svg\",\"width\":749,\"height\":219,\"caption\":\"Antilope VAN\"},\"image\":{\"@id\":\"https:\/\/www.antilopevan.be\/fr\/#\/schema\/logo\/image\/\"}},{\"@type\":\"Person\",\"@id\":\"https:\/\/www.antilopevan.be\/fr\/#\/schema\/person\/d9d49a4ce1934efaf55fc6bd189faa1d\",\"name\":\"Am\u00e9lie\",\"image\":{\"@type\":\"ImageObject\",\"inLanguage\":\"fr-BE\",\"@id\":\"https:\/\/www.antilopevan.be\/fr\/#\/schema\/person\/image\/\",\"url\":\"https:\/\/secure.gravatar.com\/avatar\/4adf6f93edba98589e6c8dacc568ef02f92bd6a97b165fc372d4f2a7c457b6c2?s=96&d=mm&r=g\",\"contentUrl\":\"https:\/\/secure.gravatar.com\/avatar\/4adf6f93edba98589e6c8dacc568ef02f92bd6a97b165fc372d4f2a7c457b6c2?s=96&d=mm&r=g\",\"caption\":\"Am\u00e9lie\"}}]}<\/script>\n<!-- \/ Yoast SEO plugin. -->","yoast_head_json":{"title":"Lancement Flex 5 | Antilope VAN","robots":{"index":"index","follow":"follow","max-snippet":"max-snippet:-1","max-image-preview":"max-image-preview:large","max-video-preview":"max-video-preview:-1"},"canonical":"https:\/\/www.antilopevan.be\/fr\/actualite\/lancement-flex5\/","og_locale":"fr_FR","og_type":"article","og_title":"Lancement Flex 5 | Antilope VAN","og_description":"Mars 2023 Lancement Flex 5 La famille Antilope s\u2019agrandit\u00a0 ! Antilope VAN lance un nouveau van am\u00e9nag\u00e9 5 places, le Flex 5 ! Le Flex 5 en quelques mots : Tout \u00e9quip\u00e9 SANS OPTION suppl\u00e9mentaire 4 couchages Places dont 3 vraies places arri\u00e8re Isofix Fabriqu\u00e9 avec amour dans notre usine en Bretagne Ce produit vient [&hellip;]","og_url":"https:\/\/www.antilopevan.be\/fr\/actualite\/lancement-flex5\/","og_site_name":"Antilope VAN","article_published_time":"2023-03-15T09:47:00+00:00","article_modified_time":"2025-05-27T12:58:46+00:00","og_image":[{"url":"https:\/\/www.preprod.antilopevan.be\/wp-content\/uploads\/2023\/03\/lancement-flex5-antilope-van.webp","type":"","width":"","height":""}],"author":"Am\u00e9lie","twitter_card":"summary_large_image","twitter_misc":{"\u00c9crit par":"Am\u00e9lie","Dur\u00e9e de lecture est.":"1 minute"},"schema":{"@context":"https:\/\/schema.org","@graph":[{"@type":"Article","@id":"https:\/\/www.antilopevan.be\/fr\/actualite\/lancement-flex5\/#article","isPartOf":{"@id":"https:\/\/www.antilopevan.be\/fr\/actualite\/lancement-flex5\/"},"author":{"name":"Am\u00e9lie","@id":"https:\/\/www.antilopevan.be\/fr\/#\/schema\/person\/d9d49a4ce1934efaf55fc6bd189faa1d"},"headline":"Lancement Flex 5","datePublished":"2023-03-15T09:47:00+00:00","dateModified":"2025-05-27T12:58:46+00:00","mainEntityOfPage":{"@id":"https:\/\/www.antilopevan.be\/fr\/actualite\/lancement-flex5\/"},"wordCount":55,"publisher":{"@id":"https:\/\/www.antilopevan.be\/fr\/#organization"},"image":{"@id":"https:\/\/www.antilopevan.be\/fr\/actualite\/lancement-flex5\/#primaryimage"},"thumbnailUrl":"https:\/\/www.preprod.antilopevan.be\/wp-content\/uploads\/2023\/03\/lancement-flex5-antilope-van.webp","articleSection":["Actualit\u00e9"],"inLanguage":"fr-BE"},{"@type":"WebPage","@id":"https:\/\/www.antilopevan.be\/fr\/actualite\/lancement-flex5\/","url":"https:\/\/www.antilopevan.be\/fr\/actualite\/lancement-flex5\/","name":"Lancement Flex 5 | Antilope VAN","isPartOf":{"@id":"https:\/\/www.antilopevan.be\/fr\/#website"},"primaryImageOfPage":{"@id":"https:\/\/www.antilopevan.be\/fr\/actualite\/lancement-flex5\/#primaryimage"},"image":{"@id":"https:\/\/www.antilopevan.be\/fr\/actualite\/lancement-flex5\/#primaryimage"},"thumbnailUrl":"https:\/\/www.preprod.antilopevan.be\/wp-content\/uploads\/2023\/03\/lancement-flex5-antilope-van.webp","datePublished":"2023-03-15T09:47:00+00:00","dateModified":"2025-05-27T12:58:46+00:00","breadcrumb":{"@id":"https:\/\/www.antilopevan.be\/fr\/actualite\/lancement-flex5\/#breadcrumb"},"inLanguage":"fr-BE","potentialAction":[{"@type":"ReadAction","target":["https:\/\/www.antilopevan.be\/fr\/actualite\/lancement-flex5\/"]}]},{"@type":"ImageObject","inLanguage":"fr-BE","@id":"https:\/\/www.antilopevan.be\/fr\/actualite\/lancement-flex5\/#primaryimage","url":"https:\/\/www.preprod.antilopevan.be\/wp-content\/uploads\/2023\/03\/lancement-flex5-antilope-van.webp","contentUrl":"https:\/\/www.preprod.antilopevan.be\/wp-content\/uploads\/2023\/03\/lancement-flex5-antilope-van.webp"},{"@type":"BreadcrumbList","@id":"https:\/\/www.antilopevan.be\/fr\/actualite\/lancement-flex5\/#breadcrumb","itemListElement":[{"@type":"ListItem","position":1,"name":"Accueil","item":"https:\/\/www.antilopevan.be\/fr\/"},{"@type":"ListItem","position":2,"name":"Lancement Flex 5"}]},{"@type":"WebSite","@id":"https:\/\/www.antilopevan.be\/fr\/#website","url":"https:\/\/www.antilopevan.be\/fr\/","name":"Antilope VAN","description":"Le Van Breton 100% uitgerust","publisher":{"@id":"https:\/\/www.antilopevan.be\/fr\/#organization"},"potentialAction":[{"@type":"SearchAction","target":{"@type":"EntryPoint","urlTemplate":"https:\/\/www.antilopevan.be\/fr\/?s={search_term_string}"},"query-input":{"@type":"PropertyValueSpecification","valueRequired":true,"valueName":"search_term_string"}}],"inLanguage":"fr-BE"},{"@type":"Organization","@id":"https:\/\/www.antilopevan.be\/fr\/#organization","name":"Antilope VAN","url":"https:\/\/www.antilopevan.be\/fr\/","logo":{"@type":"ImageObject","inLanguage":"fr-BE","@id":"https:\/\/www.antilopevan.be\/fr\/#\/schema\/logo\/image\/","url":"https:\/\/www.preprod.antilopevan.be\/wp-content\/uploads\/2025\/04\/logo-antilope-van-BE.svg","contentUrl":"https:\/\/www.preprod.antilopevan.be\/wp-content\/uploads\/2025\/04\/logo-antilope-van-BE.svg","width":749,"height":219,"caption":"Antilope VAN"},"image":{"@id":"https:\/\/www.antilopevan.be\/fr\/#\/schema\/logo\/image\/"}},{"@type":"Person","@id":"https:\/\/www.antilopevan.be\/fr\/#\/schema\/person\/d9d49a4ce1934efaf55fc6bd189faa1d","name":"Am\u00e9lie","image":{"@type":"ImageObject","inLanguage":"fr-BE","@id":"https:\/\/www.antilopevan.be\/fr\/#\/schema\/person\/image\/","url":"https:\/\/secure.gravatar.com\/avatar\/4adf6f93edba98589e6c8dacc568ef02f92bd6a97b165fc372d4f2a7c457b6c2?s=96&d=mm&r=g","contentUrl":"https:\/\/secure.gravatar.com\/avatar\/4adf6f93edba98589e6c8dacc568ef02f92bd6a97b165fc372d4f2a7c457b6c2?s=96&d=mm&r=g","caption":"Am\u00e9lie"}}]}},"_links":{"self":[{"href":"https:\/\/www.antilopevan.be\/fr\/wp-json\/wp\/v2\/posts\/2813","targetHints":{"allow":["GET"]}}],"collection":[{"href":"https:\/\/www.antilopevan.be\/fr\/wp-json\/wp\/v2\/posts"}],"about":[{"href":"https:\/\/www.antilopevan.be\/fr\/wp-json\/wp\/v2\/types\/post"}],"author":[{"embeddable":true,"href":"https:\/\/www.antilopevan.be\/fr\/wp-json\/wp\/v2\/users\/2"}],"replies":[{"embeddable":true,"href":"https:\/\/www.antilopevan.be\/fr\/wp-json\/wp\/v2\/comments?post=2813"}],"version-history":[{"count":4,"href":"https:\/\/www.antilopevan.be\/fr\/wp-json\/wp\/v2\/posts\/2813\/revisions"}],"predecessor-version":[{"id":2861,"href":"https:\/\/www.antilopevan.be\/fr\/wp-json\/wp\/v2\/posts\/2813\/revisions\/2861"}],"wp:attachment":[{"href":"https:\/\/www.antilopevan.be\/fr\/wp-json\/wp\/v2\/media?parent=2813"}],"wp:term":[{"taxonomy":"category","embeddable":true,"href":"https:\/\/www.antilopevan.be\/fr\/wp-json\/wp\/v2\/categories?post=2813"},{"taxonomy":"post_tag","embeddable":true,"href":"https:\/\/www.antilopevan.be\/fr\/wp-json\/wp\/v2\/tags?post=2813"}],"curies":[{"name":"wp","href":"https:\/\/api.w.org\/{rel}","templated":true}]}}