{"id":2811,"date":"2023-11-15T14:12:35","date_gmt":"2023-11-15T14:12:35","guid":{"rendered":"https:\/\/www.preprod.antilopevan.be\/?p=2811"},"modified":"2025-05-27T12:56:18","modified_gmt":"2025-05-27T12:56:18","slug":"reception-europeenne","status":"publish","type":"post","link":"https:\/\/www.antilopevan.be\/fr\/actualite\/reception-europeenne\/","title":{"rendered":"R\u00e9ception europ\u00e9enne"},"content":{"rendered":"\t\t<div data-elementor-type=\"wp-post\" data-elementor-id=\"2811\" class=\"elementor elementor-2811 elementor-682\" data-elementor-post-type=\"post\">\n\t\t\t\t<div class=\"elementor-element elementor-element-5a06e94 e-con-full e-flex e-con e-parent\" data-id=\"5a06e94\" data-element_type=\"container\">\n\t\t<div class=\"elementor-element elementor-element-2b41793 e-con-full e-flex e-con e-child\" data-id=\"2b41793\" data-element_type=\"container\">\n\t\t\t\t<div class=\"elementor-element elementor-element-63959c2 elementor-widget elementor-widget-image\" data-id=\"63959c2\" data-element_type=\"widget\" data-widget_type=\"image.default\">\n\t\t\t\t<div class=\"elementor-widget-container\">\n\t\t\t\t\t\t\t\t\t\t\t\t\t\t\t<img fetchpriority=\"high\" decoding=\"async\" width=\"1080\" height=\"1080\" src=\"https:\/\/www.antilopevan.be\/wp-content\/uploads\/2023\/11\/homologation-vasp-reglementation-europeene.webp\" class=\"attachment-full size-full wp-image-2843\" alt=\"\" srcset=\"https:\/\/www.antilopevan.be\/wp-content\/uploads\/2023\/11\/homologation-vasp-reglementation-europeene.webp 1080w, https:\/\/www.antilopevan.be\/wp-content\/uploads\/2023\/11\/homologation-vasp-reglementation-europeene-300x300.webp 300w, https:\/\/www.antilopevan.be\/wp-content\/uploads\/2023\/11\/homologation-vasp-reglementation-europeene-1024x1024.webp 1024w, https:\/\/www.antilopevan.be\/wp-content\/uploads\/2023\/11\/homologation-vasp-reglementation-europeene-150x150.webp 150w, https:\/\/www.antilopevan.be\/wp-content\/uploads\/2023\/11\/homologation-vasp-reglementation-europeene-768x768.webp 768w\" sizes=\"(max-width: 1080px) 100vw, 1080px\" \/>\t\t\t\t\t\t\t\t\t\t\t\t\t\t\t<\/div>\n\t\t\t\t<\/div>\n\t\t\t\t<\/div>\n\t\t<div class=\"elementor-element elementor-element-af8d39c e-con-full e-flex e-con e-child\" data-id=\"af8d39c\" data-element_type=\"container\">\n\t\t\t\t<div class=\"elementor-element elementor-element-0c5ddb8 elementor-icon-list--layout-traditional elementor-list-item-link-full_width elementor-widget elementor-widget-icon-list\" data-id=\"0c5ddb8\" data-element_type=\"widget\" data-widget_type=\"icon-list.default\">\n\t\t\t\t<div class=\"elementor-widget-container\">\n\t\t\t\t\t\t\t<ul class=\"elementor-icon-list-items\">\n\t\t\t\t\t\t\t<li class=\"elementor-icon-list-item\">\n\t\t\t\t\t\t\t\t\t\t\t<span class=\"elementor-icon-list-icon\">\n\t\t\t\t\t\t\t<svg aria-hidden=\"true\" class=\"e-font-icon-svg e-far-calendar\" viewBox=\"0 0 448 512\" xmlns=\"http:\/\/www.w3.org\/2000\/svg\"><path d=\"M400 64h-48V12c0-6.6-5.4-12-12-12h-40c-6.6 0-12 5.4-12 12v52H160V12c0-6.6-5.4-12-12-12h-40c-6.6 0-12 5.4-12 12v52H48C21.5 64 0 85.5 0 112v352c0 26.5 21.5 48 48 48h352c26.5 0 48-21.5 48-48V112c0-26.5-21.5-48-48-48zm-6 400H54c-3.3 0-6-2.7-6-6V160h352v298c0 3.3-2.7 6-6 6z\"><\/path><\/svg>\t\t\t\t\t\t<\/span>\n\t\t\t\t\t\t\t\t\t\t<span class=\"elementor-icon-list-text\">Novembre 2023<\/span>\n\t\t\t\t\t\t\t\t\t<\/li>\n\t\t\t\t\t\t<\/ul>\n\t\t\t\t\t\t<\/div>\n\t\t\t\t<\/div>\n\t\t\t\t<div class=\"elementor-element elementor-element-100c016 elementor-widget elementor-widget-heading\" data-id=\"100c016\" data-element_type=\"widget\" data-widget_type=\"heading.default\">\n\t\t\t\t<div class=\"elementor-widget-container\">\n\t\t\t\t\t<h2 class=\"elementor-heading-title elementor-size-default\">R\u00e9ception europ\u00e9enne<\/h2>\t\t\t\t<\/div>\n\t\t\t\t<\/div>\n\t\t\t\t<div class=\"elementor-element elementor-element-53e9cc9 elementor-widget elementor-widget-text-editor\" data-id=\"53e9cc9\" data-element_type=\"widget\" data-widget_type=\"text-editor.default\">\n\t\t\t\t<div class=\"elementor-widget-container\">\n\t\t\t\t\t\t\t\t\t<p>\ud835\uddda\ud835\uddee\ud835\uddff\ud835\uddee\ud835\uddfb\ud835\ude01\ud835\uddf6\ud835\uddf2 \ud835\uddf1\ud835\uddf2 \ud835\udde4\ud835\ude02\ud835\uddee\ud835\uddf9\ud835\uddf6\ud835\ude01\ud835\uddf2\u0301 \ud835\uddf2\ud835\ude01 \ud835\udde6\ud835\uddf2\u0301\ud835\uddf0\ud835\ude02\ud835\uddff\ud835\uddf6\ud835\ude01\ud835\uddf2\u0301<\/p><p>La R\u00e9ception Communautaire Europ\u00e9enne Grande S\u00e9rie que nous avons obtenue, garantit la conformit\u00e9 de nos vans am\u00e9nag\u00e9s \u00e0 la r\u00e9glementation europ\u00e9ennes V.A.S.P. Caravane.<\/p><p>Chaque d\u00e9tail, de l&#8217;am\u00e9nagement en passant par les composants \u00e9lectroniques et \u00e9lectriques, est minutieusement examin\u00e9 pour r\u00e9pondre aux exigences de la r\u00e8glementation europ\u00e9enne (UE) 2018\/858.<\/p><p>Le processus de certification et d&#8217;homologation europ\u00e9en est rigoureux. Pour maintenir cette certification \u00e9lev\u00e9e, des audits r\u00e9guliers sont effectu\u00e9s pour assurer la conformit\u00e9 de notre processus de fabrication.<br \/>Une gage de qualit\u00e9, pour des beaux voyages en toute s\u00e9curit\u00e9 !<\/p>\t\t\t\t\t\t\t\t<\/div>\n\t\t\t\t<\/div>\n\t\t\t\t<\/div>\n\t\t\t\t<\/div>\n\t\t\t\t<\/div>\n\t\t","protected":false},"excerpt":{"rendered":"<p>Novembre 2023 R\u00e9ception europ\u00e9enne \ud835\uddda\ud835\uddee\ud835\uddff\ud835\uddee\ud835\uddfb\ud835\ude01\ud835\uddf6\ud835\uddf2 \ud835\uddf1\ud835\uddf2 \ud835\udde4\ud835\ude02\ud835\uddee\ud835\uddf9\ud835\uddf6\ud835\ude01\ud835\uddf2\u0301 \ud835\uddf2\ud835\ude01 \ud835\udde6\ud835\uddf2\u0301\ud835\uddf0\ud835\ude02\ud835\uddff\ud835\uddf6\ud835\ude01\ud835\uddf2\u0301 La R\u00e9ception Communautaire Europ\u00e9enne Grande S\u00e9rie que nous avons obtenue, garantit la conformit\u00e9 de nos vans am\u00e9nag\u00e9s \u00e0 la r\u00e9glementation europ\u00e9ennes V.A.S.P. Caravane. Chaque d\u00e9tail, de l&#8217;am\u00e9nagement en passant par les composants \u00e9lectroniques et \u00e9lectriques, est minutieusement examin\u00e9 pour r\u00e9pondre aux exigences de la r\u00e8glementation europ\u00e9enne [&hellip;]<\/p>\n","protected":false},"author":2,"featured_media":0,"comment_status":"closed","ping_status":"closed","sticky":false,"template":"","format":"standard","meta":{"_glsr_average":0,"_glsr_ranking":0,"_glsr_reviews":0,"footnotes":""},"categories":[18],"tags":[],"class_list":["post-2811","post","type-post","status-publish","format-standard","hentry","category-actualite"],"yoast_head":"<!-- This site is optimized with the Yoast SEO plugin v26.3 - https:\/\/yoast.com\/wordpress\/plugins\/seo\/ -->\n<title>R\u00e9ception europ\u00e9enne | Antilope VAN<\/title>\n<meta name=\"robots\" content=\"index, follow, max-snippet:-1, max-image-preview:large, max-video-preview:-1\" \/>\n<link rel=\"canonical\" href=\"https:\/\/www.antilopevan.be\/fr\/actualite\/reception-europeenne\/\" \/>\n<meta property=\"og:locale\" content=\"fr_FR\" \/>\n<meta property=\"og:type\" content=\"article\" \/>\n<meta property=\"og:title\" content=\"R\u00e9ception europ\u00e9enne | Antilope VAN\" \/>\n<meta property=\"og:description\" content=\"Novembre 2023 R\u00e9ception europ\u00e9enne \ud835\uddda\ud835\uddee\ud835\uddff\ud835\uddee\ud835\uddfb\ud835\ude01\ud835\uddf6\ud835\uddf2 \ud835\uddf1\ud835\uddf2 \ud835\udde4\ud835\ude02\ud835\uddee\ud835\uddf9\ud835\uddf6\ud835\ude01\ud835\uddf2\u0301 \ud835\uddf2\ud835\ude01 \ud835\udde6\ud835\uddf2\u0301\ud835\uddf0\ud835\ude02\ud835\uddff\ud835\uddf6\ud835\ude01\ud835\uddf2\u0301 La R\u00e9ception Communautaire Europ\u00e9enne Grande S\u00e9rie que nous avons obtenue, garantit la conformit\u00e9 de nos vans am\u00e9nag\u00e9s \u00e0 la r\u00e9glementation europ\u00e9ennes V.A.S.P. Caravane. Chaque d\u00e9tail, de l&#8217;am\u00e9nagement en passant par les composants \u00e9lectroniques et \u00e9lectriques, est minutieusement examin\u00e9 pour r\u00e9pondre aux exigences de la r\u00e8glementation europ\u00e9enne [&hellip;]\" \/>\n<meta property=\"og:url\" content=\"https:\/\/www.antilopevan.be\/fr\/actualite\/reception-europeenne\/\" \/>\n<meta property=\"og:site_name\" content=\"Antilope VAN\" \/>\n<meta property=\"article:published_time\" content=\"2023-11-15T14:12:35+00:00\" \/>\n<meta property=\"article:modified_time\" content=\"2025-05-27T12:56:18+00:00\" \/>\n<meta property=\"og:image\" content=\"https:\/\/www.preprod.antilopevan.be\/wp-content\/uploads\/2023\/11\/homologation-vasp-reglementation-europeene.webp\" \/>\n<meta name=\"author\" content=\"Am\u00e9lie\" \/>\n<meta name=\"twitter:card\" content=\"summary_large_image\" \/>\n<meta name=\"twitter:label1\" content=\"\u00c9crit par\" \/>\n\t<meta name=\"twitter:data1\" content=\"Am\u00e9lie\" \/>\n\t<meta name=\"twitter:label2\" content=\"Dur\u00e9e de lecture est.\" \/>\n\t<meta name=\"twitter:data2\" content=\"1 minute\" \/>\n<script type=\"application\/ld+json\" class=\"yoast-schema-graph\">{\"@context\":\"https:\/\/schema.org\",\"@graph\":[{\"@type\":\"Article\",\"@id\":\"https:\/\/www.antilopevan.be\/fr\/actualite\/reception-europeenne\/#article\",\"isPartOf\":{\"@id\":\"https:\/\/www.antilopevan.be\/fr\/actualite\/reception-europeenne\/\"},\"author\":{\"name\":\"Am\u00e9lie\",\"@id\":\"https:\/\/www.antilopevan.be\/fr\/#\/schema\/person\/d9d49a4ce1934efaf55fc6bd189faa1d\"},\"headline\":\"R\u00e9ception europ\u00e9enne\",\"datePublished\":\"2023-11-15T14:12:35+00:00\",\"dateModified\":\"2025-05-27T12:56:18+00:00\",\"mainEntityOfPage\":{\"@id\":\"https:\/\/www.antilopevan.be\/fr\/actualite\/reception-europeenne\/\"},\"wordCount\":116,\"publisher\":{\"@id\":\"https:\/\/www.antilopevan.be\/fr\/#organization\"},\"image\":{\"@id\":\"https:\/\/www.antilopevan.be\/fr\/actualite\/reception-europeenne\/#primaryimage\"},\"thumbnailUrl\":\"https:\/\/www.preprod.antilopevan.be\/wp-content\/uploads\/2023\/11\/homologation-vasp-reglementation-europeene.webp\",\"articleSection\":[\"Actualit\u00e9\"],\"inLanguage\":\"fr-BE\"},{\"@type\":\"WebPage\",\"@id\":\"https:\/\/www.antilopevan.be\/fr\/actualite\/reception-europeenne\/\",\"url\":\"https:\/\/www.antilopevan.be\/fr\/actualite\/reception-europeenne\/\",\"name\":\"R\u00e9ception europ\u00e9enne | Antilope VAN\",\"isPartOf\":{\"@id\":\"https:\/\/www.antilopevan.be\/fr\/#website\"},\"primaryImageOfPage\":{\"@id\":\"https:\/\/www.antilopevan.be\/fr\/actualite\/reception-europeenne\/#primaryimage\"},\"image\":{\"@id\":\"https:\/\/www.antilopevan.be\/fr\/actualite\/reception-europeenne\/#primaryimage\"},\"thumbnailUrl\":\"https:\/\/www.preprod.antilopevan.be\/wp-content\/uploads\/2023\/11\/homologation-vasp-reglementation-europeene.webp\",\"datePublished\":\"2023-11-15T14:12:35+00:00\",\"dateModified\":\"2025-05-27T12:56:18+00:00\",\"breadcrumb\":{\"@id\":\"https:\/\/www.antilopevan.be\/fr\/actualite\/reception-europeenne\/#breadcrumb\"},\"inLanguage\":\"fr-BE\",\"potentialAction\":[{\"@type\":\"ReadAction\",\"target\":[\"https:\/\/www.antilopevan.be\/fr\/actualite\/reception-europeenne\/\"]}]},{\"@type\":\"ImageObject\",\"inLanguage\":\"fr-BE\",\"@id\":\"https:\/\/www.antilopevan.be\/fr\/actualite\/reception-europeenne\/#primaryimage\",\"url\":\"https:\/\/www.preprod.antilopevan.be\/wp-content\/uploads\/2023\/11\/homologation-vasp-reglementation-europeene.webp\",\"contentUrl\":\"https:\/\/www.preprod.antilopevan.be\/wp-content\/uploads\/2023\/11\/homologation-vasp-reglementation-europeene.webp\"},{\"@type\":\"BreadcrumbList\",\"@id\":\"https:\/\/www.antilopevan.be\/fr\/actualite\/reception-europeenne\/#breadcrumb\",\"itemListElement\":[{\"@type\":\"ListItem\",\"position\":1,\"name\":\"Accueil\",\"item\":\"https:\/\/www.antilopevan.be\/fr\/\"},{\"@type\":\"ListItem\",\"position\":2,\"name\":\"R\u00e9ception europ\u00e9enne\"}]},{\"@type\":\"WebSite\",\"@id\":\"https:\/\/www.antilopevan.be\/fr\/#website\",\"url\":\"https:\/\/www.antilopevan.be\/fr\/\",\"name\":\"Antilope VAN\",\"description\":\"Le Van Breton 100% uitgerust\",\"publisher\":{\"@id\":\"https:\/\/www.antilopevan.be\/fr\/#organization\"},\"potentialAction\":[{\"@type\":\"SearchAction\",\"target\":{\"@type\":\"EntryPoint\",\"urlTemplate\":\"https:\/\/www.antilopevan.be\/fr\/?s={search_term_string}\"},\"query-input\":{\"@type\":\"PropertyValueSpecification\",\"valueRequired\":true,\"valueName\":\"search_term_string\"}}],\"inLanguage\":\"fr-BE\"},{\"@type\":\"Organization\",\"@id\":\"https:\/\/www.antilopevan.be\/fr\/#organization\",\"name\":\"Antilope VAN\",\"url\":\"https:\/\/www.antilopevan.be\/fr\/\",\"logo\":{\"@type\":\"ImageObject\",\"inLanguage\":\"fr-BE\",\"@id\":\"https:\/\/www.antilopevan.be\/fr\/#\/schema\/logo\/image\/\",\"url\":\"https:\/\/www.preprod.antilopevan.be\/wp-content\/uploads\/2025\/04\/logo-antilope-van-BE.svg\",\"contentUrl\":\"https:\/\/www.preprod.antilopevan.be\/wp-content\/uploads\/2025\/04\/logo-antilope-van-BE.svg\",\"width\":749,\"height\":219,\"caption\":\"Antilope VAN\"},\"image\":{\"@id\":\"https:\/\/www.antilopevan.be\/fr\/#\/schema\/logo\/image\/\"}},{\"@type\":\"Person\",\"@id\":\"https:\/\/www.antilopevan.be\/fr\/#\/schema\/person\/d9d49a4ce1934efaf55fc6bd189faa1d\",\"name\":\"Am\u00e9lie\",\"image\":{\"@type\":\"ImageObject\",\"inLanguage\":\"fr-BE\",\"@id\":\"https:\/\/www.antilopevan.be\/fr\/#\/schema\/person\/image\/\",\"url\":\"https:\/\/secure.gravatar.com\/avatar\/4adf6f93edba98589e6c8dacc568ef02f92bd6a97b165fc372d4f2a7c457b6c2?s=96&d=mm&r=g\",\"contentUrl\":\"https:\/\/secure.gravatar.com\/avatar\/4adf6f93edba98589e6c8dacc568ef02f92bd6a97b165fc372d4f2a7c457b6c2?s=96&d=mm&r=g\",\"caption\":\"Am\u00e9lie\"}}]}<\/script>\n<!-- \/ Yoast SEO plugin. -->","yoast_head_json":{"title":"R\u00e9ception europ\u00e9enne | Antilope VAN","robots":{"index":"index","follow":"follow","max-snippet":"max-snippet:-1","max-image-preview":"max-image-preview:large","max-video-preview":"max-video-preview:-1"},"canonical":"https:\/\/www.antilopevan.be\/fr\/actualite\/reception-europeenne\/","og_locale":"fr_FR","og_type":"article","og_title":"R\u00e9ception europ\u00e9enne | Antilope VAN","og_description":"Novembre 2023 R\u00e9ception europ\u00e9enne \ud835\uddda\ud835\uddee\ud835\uddff\ud835\uddee\ud835\uddfb\ud835\ude01\ud835\uddf6\ud835\uddf2 \ud835\uddf1\ud835\uddf2 \ud835\udde4\ud835\ude02\ud835\uddee\ud835\uddf9\ud835\uddf6\ud835\ude01\ud835\uddf2\u0301 \ud835\uddf2\ud835\ude01 \ud835\udde6\ud835\uddf2\u0301\ud835\uddf0\ud835\ude02\ud835\uddff\ud835\uddf6\ud835\ude01\ud835\uddf2\u0301 La R\u00e9ception Communautaire Europ\u00e9enne Grande S\u00e9rie que nous avons obtenue, garantit la conformit\u00e9 de nos vans am\u00e9nag\u00e9s \u00e0 la r\u00e9glementation europ\u00e9ennes V.A.S.P. Caravane. Chaque d\u00e9tail, de l&#8217;am\u00e9nagement en passant par les composants \u00e9lectroniques et \u00e9lectriques, est minutieusement examin\u00e9 pour r\u00e9pondre aux exigences de la r\u00e8glementation europ\u00e9enne [&hellip;]","og_url":"https:\/\/www.antilopevan.be\/fr\/actualite\/reception-europeenne\/","og_site_name":"Antilope VAN","article_published_time":"2023-11-15T14:12:35+00:00","article_modified_time":"2025-05-27T12:56:18+00:00","og_image":[{"url":"https:\/\/www.preprod.antilopevan.be\/wp-content\/uploads\/2023\/11\/homologation-vasp-reglementation-europeene.webp","type":"","width":"","height":""}],"author":"Am\u00e9lie","twitter_card":"summary_large_image","twitter_misc":{"\u00c9crit par":"Am\u00e9lie","Dur\u00e9e de lecture est.":"1 minute"},"schema":{"@context":"https:\/\/schema.org","@graph":[{"@type":"Article","@id":"https:\/\/www.antilopevan.be\/fr\/actualite\/reception-europeenne\/#article","isPartOf":{"@id":"https:\/\/www.antilopevan.be\/fr\/actualite\/reception-europeenne\/"},"author":{"name":"Am\u00e9lie","@id":"https:\/\/www.antilopevan.be\/fr\/#\/schema\/person\/d9d49a4ce1934efaf55fc6bd189faa1d"},"headline":"R\u00e9ception europ\u00e9enne","datePublished":"2023-11-15T14:12:35+00:00","dateModified":"2025-05-27T12:56:18+00:00","mainEntityOfPage":{"@id":"https:\/\/www.antilopevan.be\/fr\/actualite\/reception-europeenne\/"},"wordCount":116,"publisher":{"@id":"https:\/\/www.antilopevan.be\/fr\/#organization"},"image":{"@id":"https:\/\/www.antilopevan.be\/fr\/actualite\/reception-europeenne\/#primaryimage"},"thumbnailUrl":"https:\/\/www.preprod.antilopevan.be\/wp-content\/uploads\/2023\/11\/homologation-vasp-reglementation-europeene.webp","articleSection":["Actualit\u00e9"],"inLanguage":"fr-BE"},{"@type":"WebPage","@id":"https:\/\/www.antilopevan.be\/fr\/actualite\/reception-europeenne\/","url":"https:\/\/www.antilopevan.be\/fr\/actualite\/reception-europeenne\/","name":"R\u00e9ception europ\u00e9enne | Antilope VAN","isPartOf":{"@id":"https:\/\/www.antilopevan.be\/fr\/#website"},"primaryImageOfPage":{"@id":"https:\/\/www.antilopevan.be\/fr\/actualite\/reception-europeenne\/#primaryimage"},"image":{"@id":"https:\/\/www.antilopevan.be\/fr\/actualite\/reception-europeenne\/#primaryimage"},"thumbnailUrl":"https:\/\/www.preprod.antilopevan.be\/wp-content\/uploads\/2023\/11\/homologation-vasp-reglementation-europeene.webp","datePublished":"2023-11-15T14:12:35+00:00","dateModified":"2025-05-27T12:56:18+00:00","breadcrumb":{"@id":"https:\/\/www.antilopevan.be\/fr\/actualite\/reception-europeenne\/#breadcrumb"},"inLanguage":"fr-BE","potentialAction":[{"@type":"ReadAction","target":["https:\/\/www.antilopevan.be\/fr\/actualite\/reception-europeenne\/"]}]},{"@type":"ImageObject","inLanguage":"fr-BE","@id":"https:\/\/www.antilopevan.be\/fr\/actualite\/reception-europeenne\/#primaryimage","url":"https:\/\/www.preprod.antilopevan.be\/wp-content\/uploads\/2023\/11\/homologation-vasp-reglementation-europeene.webp","contentUrl":"https:\/\/www.preprod.antilopevan.be\/wp-content\/uploads\/2023\/11\/homologation-vasp-reglementation-europeene.webp"},{"@type":"BreadcrumbList","@id":"https:\/\/www.antilopevan.be\/fr\/actualite\/reception-europeenne\/#breadcrumb","itemListElement":[{"@type":"ListItem","position":1,"name":"Accueil","item":"https:\/\/www.antilopevan.be\/fr\/"},{"@type":"ListItem","position":2,"name":"R\u00e9ception europ\u00e9enne"}]},{"@type":"WebSite","@id":"https:\/\/www.antilopevan.be\/fr\/#website","url":"https:\/\/www.antilopevan.be\/fr\/","name":"Antilope VAN","description":"Le Van Breton 100% uitgerust","publisher":{"@id":"https:\/\/www.antilopevan.be\/fr\/#organization"},"potentialAction":[{"@type":"SearchAction","target":{"@type":"EntryPoint","urlTemplate":"https:\/\/www.antilopevan.be\/fr\/?s={search_term_string}"},"query-input":{"@type":"PropertyValueSpecification","valueRequired":true,"valueName":"search_term_string"}}],"inLanguage":"fr-BE"},{"@type":"Organization","@id":"https:\/\/www.antilopevan.be\/fr\/#organization","name":"Antilope VAN","url":"https:\/\/www.antilopevan.be\/fr\/","logo":{"@type":"ImageObject","inLanguage":"fr-BE","@id":"https:\/\/www.antilopevan.be\/fr\/#\/schema\/logo\/image\/","url":"https:\/\/www.preprod.antilopevan.be\/wp-content\/uploads\/2025\/04\/logo-antilope-van-BE.svg","contentUrl":"https:\/\/www.preprod.antilopevan.be\/wp-content\/uploads\/2025\/04\/logo-antilope-van-BE.svg","width":749,"height":219,"caption":"Antilope VAN"},"image":{"@id":"https:\/\/www.antilopevan.be\/fr\/#\/schema\/logo\/image\/"}},{"@type":"Person","@id":"https:\/\/www.antilopevan.be\/fr\/#\/schema\/person\/d9d49a4ce1934efaf55fc6bd189faa1d","name":"Am\u00e9lie","image":{"@type":"ImageObject","inLanguage":"fr-BE","@id":"https:\/\/www.antilopevan.be\/fr\/#\/schema\/person\/image\/","url":"https:\/\/secure.gravatar.com\/avatar\/4adf6f93edba98589e6c8dacc568ef02f92bd6a97b165fc372d4f2a7c457b6c2?s=96&d=mm&r=g","contentUrl":"https:\/\/secure.gravatar.com\/avatar\/4adf6f93edba98589e6c8dacc568ef02f92bd6a97b165fc372d4f2a7c457b6c2?s=96&d=mm&r=g","caption":"Am\u00e9lie"}}]}},"_links":{"self":[{"href":"https:\/\/www.antilopevan.be\/fr\/wp-json\/wp\/v2\/posts\/2811","targetHints":{"allow":["GET"]}}],"collection":[{"href":"https:\/\/www.antilopevan.be\/fr\/wp-json\/wp\/v2\/posts"}],"about":[{"href":"https:\/\/www.antilopevan.be\/fr\/wp-json\/wp\/v2\/types\/post"}],"author":[{"embeddable":true,"href":"https:\/\/www.antilopevan.be\/fr\/wp-json\/wp\/v2\/users\/2"}],"replies":[{"embeddable":true,"href":"https:\/\/www.antilopevan.be\/fr\/wp-json\/wp\/v2\/comments?post=2811"}],"version-history":[{"count":4,"href":"https:\/\/www.antilopevan.be\/fr\/wp-json\/wp\/v2\/posts\/2811\/revisions"}],"predecessor-version":[{"id":2847,"href":"https:\/\/www.antilopevan.be\/fr\/wp-json\/wp\/v2\/posts\/2811\/revisions\/2847"}],"wp:attachment":[{"href":"https:\/\/www.antilopevan.be\/fr\/wp-json\/wp\/v2\/media?parent=2811"}],"wp:term":[{"taxonomy":"category","embeddable":true,"href":"https:\/\/www.antilopevan.be\/fr\/wp-json\/wp\/v2\/categories?post=2811"},{"taxonomy":"post_tag","embeddable":true,"href":"https:\/\/www.antilopevan.be\/fr\/wp-json\/wp\/v2\/tags?post=2811"}],"curies":[{"name":"wp","href":"https:\/\/api.w.org\/{rel}","templated":true}]}}